{"id":9798,"date":"2020-05-18T10:53:00","date_gmt":"2020-05-18T08:53:00","guid":{"rendered":"https:\/\/oldehanhoff.nl\/?p=9798"},"modified":"2025-04-19T09:17:15","modified_gmt":"2025-04-19T07:17:15","slug":"nieuwe-making-of-video-van-piraten-in-batavia","status":"publish","type":"post","link":"https:\/\/oldehanhoff.nl\/?p=9798","title":{"rendered":"Nieuwe making of video van Piraten in Batavia."},"content":{"rendered":"\n<p>Europa Park heeft aflevering 2 online gezet van hun making of video serie over de nieuwe Piraten in Batavia darkride.<br>Deze aflevering gaat over &#8220;Ontwerp en techniek&#8221;. <br>Er word een blik geworpen op de bouw van Piraten in Batavia. We praten met ontwerpers en geven je een eerste indruk van de prachtig gethematiseerde wachtruimte. We brengen ook een exclusief bezoek aan Mack Rides, waar op dit moment de boten van de nieuwe darkride gebouwd worden.<\/p>\n\n\n\n<p><iframe loading=\"lazy\" title=\"The Making of: Piraten in Batavia - Europa-Park | Episode 2: Design &amp; Technik\" width=\"900\" height=\"506\" src=\"https:\/\/www.youtube.com\/embed\/t0f5eJON8IE?feature=oembed\" frameborder=\"0\" allow=\"accelerometer; autoplay; encrypted-media; gyroscope; picture-in-picture\" allowfullscreen><\/iframe><\/p>\n\n\n\n<p>Thomas Mack plaatste ook al een korte video op zijn twitter account, waarop een kort fragment te horen is van een muziekstuk voor de nieuwe Piraten in Batavia.<\/p>\n\n\n\n<p><blockquote class=\"twitter-tweet\"><p dir=\"ltr\" lang=\"en\">As promised a small sneak peek from <a href=\"https:\/\/twitter.com\/hashtag\/PiratenInBatavia?src=hash&amp;ref_src=twsrc%5Etfw\">#PiratenInBatavia<\/a>&#8217;s music rehearsals.&#x1f3b6; Who recognizes the melody? &#x1f3f4;&#x200d;&#x2620;&#xfe0f;<a href=\"https:\/\/twitter.com\/hashtag\/Batavia2020?src=hash&amp;ref_src=twsrc%5Etfw\">#Batavia2020<\/a> <a href=\"https:\/\/t.co\/ruJ08bnZRH\">pic.twitter.com\/ruJ08bnZRH<\/a><\/p>\u2014 Thomas Mack (@ThomasMack_EP) <a href=\"https:\/\/twitter.com\/ThomasMack_EP\/status\/1261317305700663297?ref_src=twsrc%5Etfw\">May 15, 2020<\/a><\/blockquote> <script async=\"\" src=\"https:\/\/platform.twitter.com\/widgets.js\" charset=\"utf-8\"><\/script><\/p>\n\n\n\n<p><strong>EDIT:<\/strong><\/p>\n\n\n\n<p>En als extra toevoeging nog een paar foto&#8217;s van in de ride zelf.<br>Dit ziet er nu al prachtig mooi uit.<\/p>\n\n\n\n<p><blockquote class=\"twitter-tweet\"><p dir=\"ltr\" lang=\"fr\">&#x27a1;&#xfe0f; Le journal <a href=\"https:\/\/t.co\/hAKBGc4bhb\">https:\/\/t.co\/hAKBGc4bhb<\/a> a \u00e9t\u00e9 autoris\u00e9 \u00e0 visiter le chantier de la nouvelle de Pirates de Batavia !<br>Voici quelques aper\u00e7us de l&#8217;avancement du chantier &#x2935;&#xfe0f;<br>(Source : <a href=\"https:\/\/t.co\/rw8HmDoYuJ\">https:\/\/t.co\/rw8HmDoYuJ<\/a>) <a href=\"https:\/\/t.co\/Mf3fr8DwrI\">pic.twitter.com\/Mf3fr8DwrI<\/a><\/p>\u2014 Europa-Park Fans &#x1f3a2; (@EPfansFR) <a href=\"https:\/\/twitter.com\/EPfansFR\/status\/1263025706935750656?ref_src=twsrc%5Etfw\">May 20, 2020<\/a><\/blockquote> <script async=\"\" src=\"https:\/\/platform.twitter.com\/widgets.js\" charset=\"utf-8\"><\/script><\/p>\n","protected":false},"excerpt":{"rendered":"<p>Europa Park heeft aflevering 2 online gezet van hun making of video serie over de nieuwe Piraten in Batavia darkride.Deze aflevering gaat over &#8220;Ontwerp en techniek&#8221;. Er word een blik geworpen op de bouw van Piraten in Batavia. We praten met ontwerpers en geven je een eerste indruk van de\u2026<\/p>\n<p class=\"continue-reading-button\"> <a class=\"continue-reading-link\" href=\"https:\/\/oldehanhoff.nl\/?p=9798\">Lees verder<i class=\"crycon-right-dir\"><\/i><\/a><\/p>\n","protected":false},"author":1,"featured_media":0,"comment_status":"closed","ping_status":"closed","sticky":false,"template":"","format":"standard","meta":{"_uag_custom_page_level_css":"","footnotes":"","_links_to":"","_links_to_target":""},"categories":[1097],"tags":[64,175,410],"class_list":["post-9798","post","type-post","status-publish","format-standard","hentry","category-2028-zwarte-woud","tag-duitsland","tag-europa-park","tag-rust"],"uagb_featured_image_src":{"full":false,"thumbnail":false,"medium":false,"medium_large":false,"large":false,"1536x1536":false,"2048x2048":false,"custom":false,"post-thumbnail":false,"header":false,"slider":false,"columns":false},"uagb_author_info":{"display_name":"Eddy","author_link":"https:\/\/oldehanhoff.nl\/?author=1"},"uagb_comment_info":0,"uagb_excerpt":"Europa Park heeft aflevering 2 online gezet van hun making of video serie over de nieuwe Piraten in Batavia darkride.Deze aflevering gaat over &#8220;Ontwerp en techniek&#8221;. Er word een blik geworpen op de bouw van Piraten in Batavia. We praten met ontwerpers en geven je een eerste indruk van de\u2026 Lees verder","_links":{"self":[{"href":"https:\/\/oldehanhoff.nl\/index.php?rest_route=\/wp\/v2\/posts\/9798","targetHints":{"allow":["GET"]}}],"collection":[{"href":"https:\/\/oldehanhoff.nl\/index.php?rest_route=\/wp\/v2\/posts"}],"about":[{"href":"https:\/\/oldehanhoff.nl\/index.php?rest_route=\/wp\/v2\/types\/post"}],"author":[{"embeddable":true,"href":"https:\/\/oldehanhoff.nl\/index.php?rest_route=\/wp\/v2\/users\/1"}],"replies":[{"embeddable":true,"href":"https:\/\/oldehanhoff.nl\/index.php?rest_route=%2Fwp%2Fv2%2Fcomments&post=9798"}],"version-history":[{"count":1,"href":"https:\/\/oldehanhoff.nl\/index.php?rest_route=\/wp\/v2\/posts\/9798\/revisions"}],"predecessor-version":[{"id":9799,"href":"https:\/\/oldehanhoff.nl\/index.php?rest_route=\/wp\/v2\/posts\/9798\/revisions\/9799"}],"wp:attachment":[{"href":"https:\/\/oldehanhoff.nl\/index.php?rest_route=%2Fwp%2Fv2%2Fmedia&parent=9798"}],"wp:term":[{"taxonomy":"category","embeddable":true,"href":"https:\/\/oldehanhoff.nl\/index.php?rest_route=%2Fwp%2Fv2%2Fcategories&post=9798"},{"taxonomy":"post_tag","embeddable":true,"href":"https:\/\/oldehanhoff.nl\/index.php?rest_route=%2Fwp%2Fv2%2Ftags&post=9798"}],"curies":[{"name":"wp","href":"https:\/\/api.w.org\/{rel}","templated":true}]}}