{"id":5796,"date":"2017-12-16T08:21:18","date_gmt":"2017-12-16T07:21:18","guid":{"rendered":"https:\/\/oldehanhoff.nl\/?p=5796"},"modified":"2019-03-16T08:28:04","modified_gmt":"2019-03-16T07:28:04","slug":"grona-lund-werkt-aan-nieuwe-uitbreidingsplannen-voor-de-toekomst-2021-verder","status":"publish","type":"post","link":"https:\/\/oldehanhoff.nl\/?p=5796","title":{"rendered":"Gr\u00f6na Lund werkt aan nieuwe uitbreidingsplannen voor de toekomst (2021 &#038; verder)"},"content":{"rendered":"\n<figure class=\"wp-block-image\"><img loading=\"lazy\" decoding=\"async\" width=\"1024\" height=\"615\" src=\"https:\/\/oldehanhoff.nl\/wp-content\/uploads\/2019\/03\/QptE8zM1-1024x615.jpg\" alt=\"\" class=\"wp-image-5797\" srcset=\"https:\/\/oldehanhoff.nl\/wp-content\/uploads\/2019\/03\/QptE8zM1-1024x615.jpg 1024w, https:\/\/oldehanhoff.nl\/wp-content\/uploads\/2019\/03\/QptE8zM1-300x180.jpg 300w, https:\/\/oldehanhoff.nl\/wp-content\/uploads\/2019\/03\/QptE8zM1-768x461.jpg 768w, https:\/\/oldehanhoff.nl\/wp-content\/uploads\/2019\/03\/QptE8zM1-150x90.jpg 150w, https:\/\/oldehanhoff.nl\/wp-content\/uploads\/2019\/03\/QptE8zM1.jpg 1181w\" sizes=\"auto, (max-width: 1024px) 100vw, 1024px\" \/><\/figure>\n\n\n\n<p> Het is al bijna een jaar bekend dat Gr\u00f6na Lund in 2021 een nieuwe  B&amp;M inverted coaster wil gaan openen in het bestaande park.  <\/p>\n\n\n\n<p>\nMaar het park kijkt nu ook al verder in de toekomst.<br>Het park heeft \nnamelijk plannen ter inzage ingediend bij de stad Stockholm om de \nparkeerplaats welke naast het huidige park ligt te gaan bebouwen.<br>Aan\n de buitenzijde van dit terrein, langs de straten &#8220;Allm\u00e4nna Gr\u00e4nd&#8221; en \n&#8220;Falkenbergsgatan&#8221; zullen huisjes komen van 2 a 3 verdiepingen hoog \ngebouwd in klassieke stijl. Hier komen diverse winkels, cafe&#8217;s en \nrestaurants  welke voor iedereen toegankelijk zullen zijn. Dus ook voor \nde mensen die NIET in het park zijn. Langs de waterkant komt een \npubliekelijke promenade.<br>Het bestaande park en het nieuwe gedeelte zullen met elkaar verbonden worden door een brug.<br>De\n uitbreiding zal zo&#8217;n 8000 vierkante meter groot worden. Dit zal dus een\n flink stuk minder worden dan bij de oude uitbreidingsplannen het geval \nwas. Toen was het nog de bedoeling om het park met zo&#8217;n 11000 vierkante \nmeter uit te breiden.<br>Welke attracties er gaan komen is nog niet bekend.<\/p>\n\n\n\n<p>Hieronder een printscreen van Googlemaps zodat je een beetje een idee hebt waar het over gaat.  <\/p>\n\n\n\n<figure class=\"wp-block-image\"><img loading=\"lazy\" decoding=\"async\" width=\"1024\" height=\"669\" src=\"https:\/\/oldehanhoff.nl\/wp-content\/uploads\/2019\/03\/5ANyUPN1-1024x669.jpg\" alt=\"\" class=\"wp-image-5798\" srcset=\"https:\/\/oldehanhoff.nl\/wp-content\/uploads\/2019\/03\/5ANyUPN1-1024x669.jpg 1024w, https:\/\/oldehanhoff.nl\/wp-content\/uploads\/2019\/03\/5ANyUPN1-300x196.jpg 300w, https:\/\/oldehanhoff.nl\/wp-content\/uploads\/2019\/03\/5ANyUPN1-768x502.jpg 768w, https:\/\/oldehanhoff.nl\/wp-content\/uploads\/2019\/03\/5ANyUPN1-150x98.jpg 150w, https:\/\/oldehanhoff.nl\/wp-content\/uploads\/2019\/03\/5ANyUPN1.jpg 1303w\" sizes=\"auto, (max-width: 1024px) 100vw, 1024px\" \/><\/figure>\n\n\n\n<p>\nHet plaatje bovenaan deze post laat zien hoe de nieuwe situatie eruit zal kunnen zien.<br>Links\n buitenbeeld is het bestaande park. Rechtdoor richting het water is de \n&#8220;Allm\u00e4nna Gr\u00e4nd&#8221; straat, met de brug naar het nieuwe gedeelte dat zicht \nrechts bevind.<br>De &#8220;Falkenbergsgatan&#8221; straat loopt rechts het beeld uit langs de huisjes.<\/p>\n\n\n\n<p>Nu  is het uitzicht over &#8220;Falkenbergsgatan&#8221; richting het park nog als  onderstaand, maar dit zal dus flink veranderen (Zie artwork) <\/p>\n\n\n\n<figure class=\"wp-block-image\"><img loading=\"lazy\" decoding=\"async\" width=\"1024\" height=\"675\" src=\"https:\/\/oldehanhoff.nl\/wp-content\/uploads\/2019\/03\/x0LvgOJ1-1024x675.png\" alt=\"\" class=\"wp-image-5800\" srcset=\"https:\/\/oldehanhoff.nl\/wp-content\/uploads\/2019\/03\/x0LvgOJ1-1024x675.png 1024w, https:\/\/oldehanhoff.nl\/wp-content\/uploads\/2019\/03\/x0LvgOJ1-300x198.png 300w, https:\/\/oldehanhoff.nl\/wp-content\/uploads\/2019\/03\/x0LvgOJ1-768x506.png 768w, https:\/\/oldehanhoff.nl\/wp-content\/uploads\/2019\/03\/x0LvgOJ1-150x99.png 150w\" sizes=\"auto, (max-width: 1024px) 100vw, 1024px\" \/><\/figure>\n\n\n\n<figure class=\"wp-block-image\"><img loading=\"lazy\" decoding=\"async\" width=\"1024\" height=\"717\" src=\"https:\/\/oldehanhoff.nl\/wp-content\/uploads\/2019\/03\/Xx6e2L51-1024x717.png\" alt=\"\" class=\"wp-image-5799\" srcset=\"https:\/\/oldehanhoff.nl\/wp-content\/uploads\/2019\/03\/Xx6e2L51-1024x717.png 1024w, https:\/\/oldehanhoff.nl\/wp-content\/uploads\/2019\/03\/Xx6e2L51-300x210.png 300w, https:\/\/oldehanhoff.nl\/wp-content\/uploads\/2019\/03\/Xx6e2L51-768x538.png 768w, https:\/\/oldehanhoff.nl\/wp-content\/uploads\/2019\/03\/Xx6e2L51-150x105.png 150w, https:\/\/oldehanhoff.nl\/wp-content\/uploads\/2019\/03\/Xx6e2L51.png 1774w\" sizes=\"auto, (max-width: 1024px) 100vw, 1024px\" \/><\/figure>\n\n\n\n<p>\nDe toekomstige uitbreiding van het park heeft al wel een pretpark \ngeschiedenis, maar deze is niet echt bekend bij de buitenstaanders.<br>Van\n 1924 tot 1957 was dit terrein namelijk in gebruik bij het &#8220;N\u00f6jesf\u00e4ltet&#8221;\n pretpark, welke natuurlijk een concurrent was van &#8220;Gr\u00f6na Lund&#8221;.<br>De \ncompetitie tussen beide parken was zo heftig dat er o.a. ook wel eens \neen dood paard voor de ingang van het andere park gelegd werd.<br>Beide \nparken waren toen nog in familie handen en de dochter van de &#8220;Gr\u00f6na \nLund&#8221; familie was verliefd op de zoon van de &#8220;N\u00f6jesf\u00e4ltet&#8221; familie.<br>Ze zijn uiteindelijk ook met elkaar getrouwd.<br>Van\n dit liefdes verhaal word momenteel een film gemaakt, met diverse \nzweedse acteurs in de hoofdrollen. De film zal tijdens kerst 2018 in \npremiere gaan.<\/p>\n\n\n\n<p>Hieronder een historische foto van het  &#8220;N\u00f6jesf\u00e4ltet&#8221; park uit 1931, met een onbekende achtbaan. &#8220;Gr\u00f6na Lund&#8221; is  rechts nog net te zien. <\/p>\n\n\n\n<figure class=\"wp-block-image\"><img loading=\"lazy\" decoding=\"async\" width=\"1024\" height=\"675\" src=\"https:\/\/oldehanhoff.nl\/wp-content\/uploads\/2019\/03\/k7bXbFu1-1024x675.jpg\" alt=\"\" class=\"wp-image-5801\" srcset=\"https:\/\/oldehanhoff.nl\/wp-content\/uploads\/2019\/03\/k7bXbFu1-1024x675.jpg 1024w, https:\/\/oldehanhoff.nl\/wp-content\/uploads\/2019\/03\/k7bXbFu1-300x198.jpg 300w, https:\/\/oldehanhoff.nl\/wp-content\/uploads\/2019\/03\/k7bXbFu1-768x506.jpg 768w, https:\/\/oldehanhoff.nl\/wp-content\/uploads\/2019\/03\/k7bXbFu1-150x99.jpg 150w, https:\/\/oldehanhoff.nl\/wp-content\/uploads\/2019\/03\/k7bXbFu1.jpg 1200w\" sizes=\"auto, (max-width: 1024px) 100vw, 1024px\" \/><\/figure>\n\n\n\n<p>\nHet persbericht (in het zweeds): <a href=\"http:\/\/www.mynewsdesk.com\/se\/parks-and-resorts\/pressreleases\/groena-lunds-utbyggnadsplaner-skickas-ut-paa-samraad-2266726\" rel=\"noreferrer noopener\" target=\"_blank\">www.mynewsdesk.com\/se\/parks-and-resorts\/&#8230;samraad-2266726<\/a><\/p>\n","protected":false},"excerpt":{"rendered":"<p>Het is al bijna een jaar bekend dat Gr\u00f6na Lund in 2021 een nieuwe B&amp;M inverted coaster wil gaan openen in het bestaande park. Maar het park kijkt nu ook al verder in de toekomst.Het park heeft namelijk plannen ter inzage ingediend bij de stad Stockholm om de parkeerplaats welke\u2026<\/p>\n<p class=\"continue-reading-button\"> <a class=\"continue-reading-link\" href=\"https:\/\/oldehanhoff.nl\/?p=5796\">Lees verder<i class=\"crycon-right-dir\"><\/i><\/a><\/p>\n","protected":false},"author":1,"featured_media":0,"comment_status":"open","ping_status":"closed","sticky":false,"template":"","format":"standard","meta":{"_uag_custom_page_level_css":"","footnotes":"","_links_to":"","_links_to_target":""},"categories":[54],"tags":[42,32,25],"class_list":["post-5796","post","type-post","status-publish","format-standard","hentry","category-2022-zweden","tag-grona-lund","tag-stockholm","tag-zweden"],"uagb_featured_image_src":{"full":false,"thumbnail":false,"medium":false,"medium_large":false,"large":false,"1536x1536":false,"2048x2048":false,"custom":false,"post-thumbnail":false,"header":false,"slider":false,"columns":false},"uagb_author_info":{"display_name":"Eddy","author_link":"https:\/\/oldehanhoff.nl\/?author=1"},"uagb_comment_info":0,"uagb_excerpt":"Het is al bijna een jaar bekend dat Gr\u00f6na Lund in 2021 een nieuwe B&amp;M inverted coaster wil gaan openen in het bestaande park. Maar het park kijkt nu ook al verder in de toekomst.Het park heeft namelijk plannen ter inzage ingediend bij de stad Stockholm om de parkeerplaats welke\u2026 Lees verder","_links":{"self":[{"href":"https:\/\/oldehanhoff.nl\/index.php?rest_route=\/wp\/v2\/posts\/5796","targetHints":{"allow":["GET"]}}],"collection":[{"href":"https:\/\/oldehanhoff.nl\/index.php?rest_route=\/wp\/v2\/posts"}],"about":[{"href":"https:\/\/oldehanhoff.nl\/index.php?rest_route=\/wp\/v2\/types\/post"}],"author":[{"embeddable":true,"href":"https:\/\/oldehanhoff.nl\/index.php?rest_route=\/wp\/v2\/users\/1"}],"replies":[{"embeddable":true,"href":"https:\/\/oldehanhoff.nl\/index.php?rest_route=%2Fwp%2Fv2%2Fcomments&post=5796"}],"version-history":[{"count":1,"href":"https:\/\/oldehanhoff.nl\/index.php?rest_route=\/wp\/v2\/posts\/5796\/revisions"}],"predecessor-version":[{"id":5802,"href":"https:\/\/oldehanhoff.nl\/index.php?rest_route=\/wp\/v2\/posts\/5796\/revisions\/5802"}],"wp:attachment":[{"href":"https:\/\/oldehanhoff.nl\/index.php?rest_route=%2Fwp%2Fv2%2Fmedia&parent=5796"}],"wp:term":[{"taxonomy":"category","embeddable":true,"href":"https:\/\/oldehanhoff.nl\/index.php?rest_route=%2Fwp%2Fv2%2Fcategories&post=5796"},{"taxonomy":"post_tag","embeddable":true,"href":"https:\/\/oldehanhoff.nl\/index.php?rest_route=%2Fwp%2Fv2%2Ftags&post=5796"}],"curies":[{"name":"wp","href":"https:\/\/api.w.org\/{rel}","templated":true}]}}