{"id":5198,"date":"2018-06-06T19:38:15","date_gmt":"2018-06-06T17:38:15","guid":{"rendered":"https:\/\/oldehanhoff.nl\/?p=5198"},"modified":"2025-04-19T09:16:23","modified_gmt":"2025-04-19T07:16:23","slug":"piraten-komen-terug","status":"publish","type":"post","link":"https:\/\/oldehanhoff.nl\/?p=5198","title":{"rendered":"Piraten komen terug"},"content":{"rendered":"\n<p>Michael Mack heeft bekend gemaakt dat Piraten In Batavia terug zal komen. Maar details over deze nieuwbouw zijn nu nog niet bekend, die volgen later nog.<\/p>\n\n\n\n<p><blockquote class=\"twitter-tweet\" data-lang=\"nl\"><p dir=\"ltr\" lang=\"de\">Das war ein toller Abend heute beim <a href=\"https:\/\/twitter.com\/hashtag\/swrlive?src=hash&amp;ref_src=twsrc%5Etfw\">#swrlive<\/a> im SWR Studio Freiburg. Vielen Dank f\u00fcr das Gespr\u00e4ch <a href=\"https:\/\/twitter.com\/SWRAktuell?ref_src=twsrc%5Etfw\">@swraktuell<\/a>. Und ja, die Piraten kommen zur\u00fcck! Wir k\u00f6nnen noch keine Details nennen, aber sie werden wieder einen Platz bekommen.<\/p>\u2014 Michael Mack (@MichaelMack) <a href=\"https:\/\/twitter.com\/MichaelMack\/status\/1004430066699423745?ref_src=twsrc%5Etfw\">6 juni 2018<\/a><\/blockquote>\n<script async=\"\" src=\"https:\/\/platform.twitter.com\/widgets.js\" charset=\"utf-8\"><\/script><\/p>\n","protected":false},"excerpt":{"rendered":"<p>Michael Mack heeft bekend gemaakt dat Piraten In Batavia terug zal komen. Maar details over deze nieuwbouw zijn nu nog niet bekend, die volgen later nog. Das war ein toller Abend heute beim #swrlive im SWR Studio Freiburg. Vielen Dank f\u00fcr das Gespr\u00e4ch @swraktuell. Und ja, die Piraten kommen zur\u00fcck!\u2026<\/p>\n<p class=\"continue-reading-button\"> <a class=\"continue-reading-link\" href=\"https:\/\/oldehanhoff.nl\/?p=5198\">Lees verder<i class=\"crycon-right-dir\"><\/i><\/a><\/p>\n","protected":false},"author":1,"featured_media":0,"comment_status":"open","ping_status":"closed","sticky":false,"template":"","format":"standard","meta":{"_uag_custom_page_level_css":"","footnotes":"","_links_to":"","_links_to_target":""},"categories":[1097],"tags":[64,175,410],"class_list":["post-5198","post","type-post","status-publish","format-standard","hentry","category-2028-zwarte-woud","tag-duitsland","tag-europa-park","tag-rust"],"uagb_featured_image_src":{"full":false,"thumbnail":false,"medium":false,"medium_large":false,"large":false,"1536x1536":false,"2048x2048":false,"custom":false,"post-thumbnail":false,"header":false,"slider":false,"columns":false},"uagb_author_info":{"display_name":"Eddy","author_link":"https:\/\/oldehanhoff.nl\/?author=1"},"uagb_comment_info":0,"uagb_excerpt":"Michael Mack heeft bekend gemaakt dat Piraten In Batavia terug zal komen. Maar details over deze nieuwbouw zijn nu nog niet bekend, die volgen later nog. Das war ein toller Abend heute beim #swrlive im SWR Studio Freiburg. Vielen Dank f\u00fcr das Gespr\u00e4ch @swraktuell. Und ja, die Piraten kommen zur\u00fcck!\u2026 Lees verder","_links":{"self":[{"href":"https:\/\/oldehanhoff.nl\/index.php?rest_route=\/wp\/v2\/posts\/5198","targetHints":{"allow":["GET"]}}],"collection":[{"href":"https:\/\/oldehanhoff.nl\/index.php?rest_route=\/wp\/v2\/posts"}],"about":[{"href":"https:\/\/oldehanhoff.nl\/index.php?rest_route=\/wp\/v2\/types\/post"}],"author":[{"embeddable":true,"href":"https:\/\/oldehanhoff.nl\/index.php?rest_route=\/wp\/v2\/users\/1"}],"replies":[{"embeddable":true,"href":"https:\/\/oldehanhoff.nl\/index.php?rest_route=%2Fwp%2Fv2%2Fcomments&post=5198"}],"version-history":[{"count":1,"href":"https:\/\/oldehanhoff.nl\/index.php?rest_route=\/wp\/v2\/posts\/5198\/revisions"}],"predecessor-version":[{"id":5199,"href":"https:\/\/oldehanhoff.nl\/index.php?rest_route=\/wp\/v2\/posts\/5198\/revisions\/5199"}],"wp:attachment":[{"href":"https:\/\/oldehanhoff.nl\/index.php?rest_route=%2Fwp%2Fv2%2Fmedia&parent=5198"}],"wp:term":[{"taxonomy":"category","embeddable":true,"href":"https:\/\/oldehanhoff.nl\/index.php?rest_route=%2Fwp%2Fv2%2Fcategories&post=5198"},{"taxonomy":"post_tag","embeddable":true,"href":"https:\/\/oldehanhoff.nl\/index.php?rest_route=%2Fwp%2Fv2%2Ftags&post=5198"}],"curies":[{"name":"wp","href":"https:\/\/api.w.org\/{rel}","templated":true}]}}