{"id":11148,"date":"2020-08-18T11:33:09","date_gmt":"2020-08-18T09:33:09","guid":{"rendered":"https:\/\/oldehanhoff.nl\/?p=11148"},"modified":"2020-08-18T11:33:09","modified_gmt":"2020-08-18T09:33:09","slug":"reizen-naar-zweden-is-weer-toegestaan","status":"publish","type":"post","link":"https:\/\/oldehanhoff.nl\/?p=11148","title":{"rendered":"Reizen naar Zweden is weer toegestaan"},"content":{"rendered":"\n<p>Het ministerie van Buitenlandse Zaken heeft het reisadvies ten opzichte van Zweden vrijdagavond versoepeld naar &#8216;geel&#8217;. Slechts \u00e9\u00e9n regio blijft &#8216;oranje&#8217;: V\u00e4stra G\u00f6talands l\u00e4n, waarin enkele grote steden als G\u00f6teburg liggen. Elders in het land zijn vakanties weer toegestaan.<\/p>\n\n\n\n<p>https:\/\/www.facebook.com\/nu.nl\/posts\/3934496946578080?__cft__[0]=AZWMKMTzw4ZsQXNUX_aIO15q9DrDOjHPv1IyXqeZfZmMN4NFofTQcU3TOI-bm4LIrh_n6a9zufPQHFZB3DOvldNaqVT7VkukYIVA39LNTKB_0nbeH_PKgiRIGh2TLHnom5XrPeIWPnzNcX84e-bfMJBuJnVU04esPOJpMUoxDz4RY83TtITvD9tl8IUSmXiuCIo&#038;__tn__=%2CO%2CP-y-R<\/p>\n","protected":false},"excerpt":{"rendered":"<p>Het ministerie van Buitenlandse Zaken heeft het reisadvies ten opzichte van Zweden vrijdagavond versoepeld naar &#8216;geel&#8217;. Slechts \u00e9\u00e9n regio blijft &#8216;oranje&#8217;: V\u00e4stra G\u00f6talands l\u00e4n, waarin enkele grote steden als G\u00f6teburg liggen. Elders in het land zijn vakanties weer toegestaan. https:\/\/www.facebook.com\/nu.nl\/posts\/3934496946578080?__cft__[0]=AZWMKMTzw4ZsQXNUX_aIO15q9DrDOjHPv1IyXqeZfZmMN4NFofTQcU3TOI-bm4LIrh_n6a9zufPQHFZB3DOvldNaqVT7VkukYIVA39LNTKB_0nbeH_PKgiRIGh2TLHnom5XrPeIWPnzNcX84e-bfMJBuJnVU04esPOJpMUoxDz4RY83TtITvD9tl8IUSmXiuCIo&#038;__tn__=%2CO%2CP-y-R<\/p>\n<p class=\"continue-reading-button\"> <a class=\"continue-reading-link\" href=\"https:\/\/oldehanhoff.nl\/?p=11148\">Lees verder<i class=\"crycon-right-dir\"><\/i><\/a><\/p>\n","protected":false},"author":1,"featured_media":0,"comment_status":"closed","ping_status":"closed","sticky":false,"template":"","format":"standard","meta":{"_uag_custom_page_level_css":"","footnotes":"","_links_to":"","_links_to_target":""},"categories":[54],"tags":[43,42,41,27,32,25],"class_list":["post-11148","post","type-post","status-publish","format-standard","hentry","category-2022-zweden","tag-goteborg","tag-grona-lund","tag-kolmarden","tag-liseberg","tag-stockholm","tag-zweden"],"uagb_featured_image_src":{"full":false,"thumbnail":false,"medium":false,"medium_large":false,"large":false,"1536x1536":false,"2048x2048":false,"custom":false,"post-thumbnail":false,"header":false,"slider":false,"columns":false},"uagb_author_info":{"display_name":"Eddy","author_link":"https:\/\/oldehanhoff.nl\/?author=1"},"uagb_comment_info":0,"uagb_excerpt":"Het ministerie van Buitenlandse Zaken heeft het reisadvies ten opzichte van Zweden vrijdagavond versoepeld naar &#8216;geel&#8217;. Slechts \u00e9\u00e9n regio blijft &#8216;oranje&#8217;: V\u00e4stra G\u00f6talands l\u00e4n, waarin enkele grote steden als G\u00f6teburg liggen. Elders in het land zijn vakanties weer toegestaan. https:\/\/www.facebook.com\/nu.nl\/posts\/3934496946578080?__cft__[0]=AZWMKMTzw4ZsQXNUX_aIO15q9DrDOjHPv1IyXqeZfZmMN4NFofTQcU3TOI-bm4LIrh_n6a9zufPQHFZB3DOvldNaqVT7VkukYIVA39LNTKB_0nbeH_PKgiRIGh2TLHnom5XrPeIWPnzNcX84e-bfMJBuJnVU04esPOJpMUoxDz4RY83TtITvD9tl8IUSmXiuCIo&#038;__tn__=%2CO%2CP-y-R Lees verder","_links":{"self":[{"href":"https:\/\/oldehanhoff.nl\/index.php?rest_route=\/wp\/v2\/posts\/11148","targetHints":{"allow":["GET"]}}],"collection":[{"href":"https:\/\/oldehanhoff.nl\/index.php?rest_route=\/wp\/v2\/posts"}],"about":[{"href":"https:\/\/oldehanhoff.nl\/index.php?rest_route=\/wp\/v2\/types\/post"}],"author":[{"embeddable":true,"href":"https:\/\/oldehanhoff.nl\/index.php?rest_route=\/wp\/v2\/users\/1"}],"replies":[{"embeddable":true,"href":"https:\/\/oldehanhoff.nl\/index.php?rest_route=%2Fwp%2Fv2%2Fcomments&post=11148"}],"version-history":[{"count":1,"href":"https:\/\/oldehanhoff.nl\/index.php?rest_route=\/wp\/v2\/posts\/11148\/revisions"}],"predecessor-version":[{"id":11149,"href":"https:\/\/oldehanhoff.nl\/index.php?rest_route=\/wp\/v2\/posts\/11148\/revisions\/11149"}],"wp:attachment":[{"href":"https:\/\/oldehanhoff.nl\/index.php?rest_route=%2Fwp%2Fv2%2Fmedia&parent=11148"}],"wp:term":[{"taxonomy":"category","embeddable":true,"href":"https:\/\/oldehanhoff.nl\/index.php?rest_route=%2Fwp%2Fv2%2Fcategories&post=11148"},{"taxonomy":"post_tag","embeddable":true,"href":"https:\/\/oldehanhoff.nl\/index.php?rest_route=%2Fwp%2Fv2%2Ftags&post=11148"}],"curies":[{"name":"wp","href":"https:\/\/api.w.org\/{rel}","templated":true}]}}